{"id":46,"date":"2025-05-13T21:55:56","date_gmt":"2025-05-13T19:55:56","guid":{"rendered":"https:\/\/sgk-lsa.net\/?p=46"},"modified":"2025-05-13T22:02:17","modified_gmt":"2025-05-13T20:02:17","slug":"sgk-sachsen-anhalt-waehlt-neuen-vorstand-silke-schindler-uebernimmt-vorsitz","status":"publish","type":"post","link":"https:\/\/sgk-lsa.net\/?p=46","title":{"rendered":"SGK Sachsen-Anhalt w\u00e4hlt neuen Vorstand \u2013 Silke Schindler \u00fcbernimmt Vorsitz"},"content":{"rendered":"<div data-elementor-type=\"wp-post\" data-elementor-id=\"46\" class=\"elementor elementor-46\">\n\t\t\t\t<div class=\"elementor-element elementor-element-46a8ed7 e-flex e-con-boxed e-con e-parent\" data-id=\"46a8ed7\" data-element_type=\"container\" data-e-type=\"container\">\n\t\t\t\t\t<div class=\"e-con-inner\">\n\t\t<div class=\"elementor-element elementor-element-842cbd6 e-con-full e-flex e-con e-child\" data-id=\"842cbd6\" data-element_type=\"container\" data-e-type=\"container\">\n\t\t\t\t<div class=\"elementor-element elementor-element-53afffa elementor-widget elementor-widget-text-editor\" data-id=\"53afffa\" data-element_type=\"widget\" data-e-type=\"widget\" data-widget_type=\"text-editor.default\">\n\t\t\t\t<div class=\"elementor-widget-container\">\n\t\t\t\t\t\t\t\t\t<p style=\"text-align: left;\"><strong>Magdeburg<\/strong> \u2013 Die Sozialdemokratische Gemeinschaft f\u00fcr Kommunalpolitik (SGK) Sachsen-Anhalt hat bei ihrer Mitgliederversammlung einen neuen Vorstand gew\u00e4hlt. An der Spitze steht nun Silke Schindler. Die ehemalige Landtagsabgeordnete, fr\u00fchere B\u00fcrgermeisterin und derzeitiges Mitglied des Landesverfassungsgerichtes in Sachsen-Anhalt wurde zur neuen Vorsitzenden gew\u00e4hlt. Silke bringt jahrzehntelange kommunalpolitische Erfahrung und juristische Kompetenzen mit ins Amt. Unterst\u00fctzt wird sie k\u00fcnftig von Norman Belas und Yves Metzing. Norman ist Stadtratsmitglied in Magdeburg und Referent im Finanzministerium des Landes. Yves ist Fraktionsvorsitzender im Stadtrat Aschersleben und stellvertretender Fraktionsvorsitzender im Kreistag des Salzlandkreises. Zudem arbeitet er als Regionalgesch\u00e4ftsf\u00fchrer Nord bei der SPD Sachsen-Anhalt. Beide bringen sowohl Fachkenntnisse als auch eine tiefe kommunalpolitische Verwurzelung mit.<\/p>\t\t\t\t\t\t\t\t<\/div>\n\t\t\t\t<\/div>\n\t\t\t\t<\/div>\n\t\t<div class=\"elementor-element elementor-element-c2bb1e0 e-con-full e-flex e-con e-child\" data-id=\"c2bb1e0\" data-element_type=\"container\" data-e-type=\"container\">\n\t\t\t\t<div class=\"elementor-element elementor-element-9a283f6 elementor-widget elementor-widget-image\" data-id=\"9a283f6\" data-element_type=\"widget\" data-e-type=\"widget\" data-widget_type=\"image.default\">\n\t\t\t\t<div class=\"elementor-widget-container\">\n\t\t\t\t\t\t\t\t\t\t\t\t<figure class=\"wp-caption\">\n\t\t\t\t\t\t\t\t\t\t<img fetchpriority=\"high\" decoding=\"async\" width=\"1024\" height=\"815\" src=\"https:\/\/sgk-lsa.net\/\/dateien\/2025\/05\/vorstandswahl-2-1024x815.jpg\" class=\"attachment-large size-large wp-image-43\" alt=\"\" srcset=\"https:\/\/sgk-lsa.net\/\/dateien\/2025\/05\/vorstandswahl-2-1024x815.jpg 1024w, https:\/\/sgk-lsa.net\/\/dateien\/2025\/05\/vorstandswahl-2-300x239.jpg 300w, https:\/\/sgk-lsa.net\/\/dateien\/2025\/05\/vorstandswahl-2-768x612.jpg 768w, https:\/\/sgk-lsa.net\/\/dateien\/2025\/05\/vorstandswahl-2-1536x1223.jpg 1536w, https:\/\/sgk-lsa.net\/\/dateien\/2025\/05\/vorstandswahl-2.jpg 1600w\" sizes=\"(max-width: 1024px) 100vw, 1024px\" \/>\t\t\t\t\t\t\t\t\t\t\t<figcaption class=\"widget-image-caption wp-caption-text\">v.l.n.r.: Ralf Riediger, Tobias B\u00f6ttcher, Silke Schindler, Norman Belas, Birgit Gerlach, Yves Metzing<\/figcaption>\n\t\t\t\t\t\t\t\t\t\t<\/figure>\n\t\t\t\t\t\t\t\t\t<\/div>\n\t\t\t\t<\/div>\n\t\t\t\t<\/div>\n\t\t\t\t\t<\/div>\n\t\t\t\t<\/div>\n\t\t<div class=\"elementor-element elementor-element-4ae02a4 e-flex e-con-boxed e-con e-parent\" data-id=\"4ae02a4\" data-element_type=\"container\" data-e-type=\"container\">\n\t\t\t\t\t<div class=\"e-con-inner\">\n\t\t\t\t<div class=\"elementor-element elementor-element-6c4f1ed elementor-widget elementor-widget-text-editor\" data-id=\"6c4f1ed\" data-element_type=\"widget\" data-e-type=\"widget\" data-widget_type=\"text-editor.default\">\n\t\t\t\t<div class=\"elementor-widget-container\">\n\t\t\t\t\t\t\t\t\t<p>Als Beisitzer wurden Birgit Gerlach, Robert Drews und Tobias B\u00f6ttcher in den Vorstand gew\u00e4hlt. Birgit ist Mitglied im Gemeinderat der Gemeinde Biederitz sowie im Ortschaftsrat Gerwisch. Innerhalb der SPD ist sie Ortsvereinsvorsitzende, stellvertretende Kreisvorsitzende und Beisitzerin bei den SPD-Frauen Sachsen-Anhalt. Tobias ist Ortsb\u00fcrgermeister von Deetz, stellvertretender SPD-Kreisvorsitzender in Anhalt-Bitterfeld und Beisitzer im SPD-Landesvorstand. Beruflich arbeitet er als kaufm\u00e4nnischer Angestellter in einem Landmaschinenhandel mit angeschlossener Werkstatt. Seine Perspektive aus dem l\u00e4ndlichen Raum bereichert die Arbeit des Vorstands. Robert ist Ortsvereinsvorsitzender in Salzwedel, Fraktionsvorsitzender im Stadtrat und stellvertretender Fraktionsvorsitzender im Kreistag des Altmarkkreises Salzwedel. Seit 2019 engagiert er sich aktiv in der SPD und bringt seine kommunalpolitische Erfahrung mit viel Engagement in die Vorstandsarbeit der SGK ein.\u00a0<span style=\"letter-spacing: 0.1px;\">Der bisherige Schatzmeister Ralf Riediger wurde im Amt best\u00e4tigt und sorgt mit seiner Erfahrung f\u00fcr finanzielle Kontinuit\u00e4t im Team.\u00a0<\/span><span style=\"letter-spacing: 0.1px;\">Zudem wurde Bernhard Sterz, der ehemalige Oberb\u00fcrgermeister der Stadt Burg, durch\u00a0<\/span><span style=\"letter-spacing: 0.1px;\">den SPD-Landesvorstand erneut kooptiert und in den SGK-Vorstand entsandt. Er\u00a0<\/span><span style=\"letter-spacing: 0.1px;\">verst\u00e4rkt das Gremium mit seiner langj\u00e4hrigen politischen Erfahrung.\u00a0<\/span><span style=\"letter-spacing: 0.1px;\">Die SGK Sachsen-Anhalt versteht sich als Sprachrohr sozialdemokratischer\u00a0<\/span><span style=\"letter-spacing: 0.1px;\">Kommunalpolitikerinnen und -politiker im Land. Mit dem neu gew\u00e4hlten Vorstand\u00a0<\/span><span style=\"letter-spacing: 0.1px;\">m\u00f6chte sie sich weiterhin f\u00fcr starke Kommunen, mehr demokratische Teilhabe und\u00a0<\/span><span style=\"letter-spacing: 0.1px;\">verl\u00e4ssliche Daseinsvorsorge einsetzen.<\/span><\/p>\t\t\t\t\t\t\t\t<\/div>\n\t\t\t\t<\/div>\n\t\t\t\t\t<\/div>\n\t\t\t\t<\/div>\n\t\t\t\t<\/div>","protected":false},"excerpt":{"rendered":"<p>Magdeburg \u2013 Die Sozialdemokratische Gemeinschaft f\u00fcr Kommunalpolitik (SGK) Sachsen-Anhalt hat bei ihrer Mitgliederversammlung einen neuen Vorstand gew\u00e4hlt. An der Spitze steht nun Silke Schindler. Die ehemalige Landtagsabgeordnete, fr\u00fchere B\u00fcrgermeisterin und [&hellip;]<\/p>\n","protected":false},"author":1,"featured_media":0,"comment_status":"open","ping_status":"open","sticky":false,"template":"","format":"standard","meta":{"_EventAllDay":false,"_EventTimezone":"","_EventStartDate":"","_EventEndDate":"","_EventStartDateUTC":"","_EventEndDateUTC":"","_EventShowMap":false,"_EventShowMapLink":false,"_EventURL":"","_EventCost":"","_EventCostDescription":"","_EventCurrencySymbol":"","_EventCurrencyCode":"","_EventCurrencyPosition":"","_EventDateTimeSeparator":"","_EventTimeRangeSeparator":"","_EventOrganizerID":[],"_EventVenueID":[],"_OrganizerEmail":"","_OrganizerPhone":"","_OrganizerWebsite":"","_VenueAddress":"","_VenueCity":"","_VenueCountry":"","_VenueProvince":"","_VenueState":"","_VenueZip":"","_VenuePhone":"","_VenueURL":"","_VenueStateProvince":"","_VenueLat":"","_VenueLng":"","_VenueShowMap":false,"_VenueShowMapLink":false,"footnotes":""},"categories":[1],"tags":[],"class_list":["post-46","post","type-post","status-publish","format-standard","hentry","category-allgemein"],"_links":{"self":[{"href":"https:\/\/sgk-lsa.net\/index.php?rest_route=\/wp\/v2\/posts\/46","targetHints":{"allow":["GET"]}}],"collection":[{"href":"https:\/\/sgk-lsa.net\/index.php?rest_route=\/wp\/v2\/posts"}],"about":[{"href":"https:\/\/sgk-lsa.net\/index.php?rest_route=\/wp\/v2\/types\/post"}],"author":[{"embeddable":true,"href":"https:\/\/sgk-lsa.net\/index.php?rest_route=\/wp\/v2\/users\/1"}],"replies":[{"embeddable":true,"href":"https:\/\/sgk-lsa.net\/index.php?rest_route=%2Fwp%2Fv2%2Fcomments&post=46"}],"version-history":[{"count":0,"href":"https:\/\/sgk-lsa.net\/index.php?rest_route=\/wp\/v2\/posts\/46\/revisions"}],"wp:attachment":[{"href":"https:\/\/sgk-lsa.net\/index.php?rest_route=%2Fwp%2Fv2%2Fmedia&parent=46"}],"wp:term":[{"taxonomy":"category","embeddable":true,"href":"https:\/\/sgk-lsa.net\/index.php?rest_route=%2Fwp%2Fv2%2Fcategories&post=46"},{"taxonomy":"post_tag","embeddable":true,"href":"https:\/\/sgk-lsa.net\/index.php?rest_route=%2Fwp%2Fv2%2Ftags&post=46"}],"curies":[{"name":"wp","href":"https:\/\/api.w.org\/{rel}","templated":true}]}}