{"id":42,"date":"2025-05-13T21:50:19","date_gmt":"2025-05-13T19:50:19","guid":{"rendered":"https:\/\/sgk-lsa.net\/?p=42"},"modified":"2025-05-13T21:54:45","modified_gmt":"2025-05-13T19:54:45","slug":"elementor-42","status":"publish","type":"post","link":"https:\/\/sgk-lsa.net\/?p=42","title":{"rendered":"Elementor #42"},"content":{"rendered":"<div data-elementor-type=\"wp-post\" data-elementor-id=\"42\" class=\"elementor elementor-42\">\n\t\t\t\t<div class=\"elementor-element elementor-element-defb5fa e-flex e-con-boxed e-con e-parent\" data-id=\"defb5fa\" data-element_type=\"container\" data-e-type=\"container\">\n\t\t\t\t\t<div class=\"e-con-inner\">\n\t\t\t\t<div class=\"elementor-element elementor-element-6e31438 elementor-widget elementor-widget-heading\" data-id=\"6e31438\" data-element_type=\"widget\" data-e-type=\"widget\" data-widget_type=\"heading.default\">\n\t\t\t\t<div class=\"elementor-widget-container\">\n\t\t\t\t\t<h2 class=\"elementor-heading-title elementor-size-default\">SGK Sachsen-Anhalt w\u00e4hlt neuen Vorstand \u2013 Silke Schindler \u00fcbernimmt Vorsitz<\/h2>\t\t\t\t<\/div>\n\t\t\t\t<\/div>\n\t\t\t\t\t<\/div>\n\t\t\t\t<\/div>\n\t\t<div class=\"elementor-element elementor-element-b691061 e-flex e-con-boxed e-con e-parent\" data-id=\"b691061\" data-element_type=\"container\" data-e-type=\"container\">\n\t\t\t\t\t<div class=\"e-con-inner\">\n\t\t<div class=\"elementor-element elementor-element-ff1e94d e-con-full e-flex e-con e-child\" data-id=\"ff1e94d\" data-element_type=\"container\" data-e-type=\"container\">\n\t\t\t\t<div class=\"elementor-element elementor-element-88e8477 elementor-widget elementor-widget-text-editor\" data-id=\"88e8477\" data-element_type=\"widget\" data-e-type=\"widget\" data-widget_type=\"text-editor.default\">\n\t\t\t\t<div class=\"elementor-widget-container\">\n\t\t\t\t\t\t\t\t\t<p><strong>Magdeburg<\/strong> \u2013 Die Sozialdemokratische Gemeinschaft f\u00fcr Kommunalpolitik (SGK) Sachsen-Anhalt hat bei ihrer Mitgliederversammlung am 28.03.2025 einen neuen Vorstand gew\u00e4hlt.<\/p><p>An der Spitze steht nun Silke Schindler. Die ehemalige Landtagsabgeordnete, fr\u00fchere B\u00fcrgermeisterin und derzeitiges Mitglied des Landesverfassungsgerichtes in Sachsen- Anhalt wurde zur neuen Vorsitzenden gew\u00e4hlt. Silke bringt jahrzehntelange kommunalpolitische Erfahrung und juristische Kompetenzen mit ins Amt. Unterst\u00fctzt wird sie k\u00fcnftig von Norman Belas und Yves Metzing. Norman ist Stadtratsmitglied in Magdeburg und Referent im Finanzministerium des Landes. Yves ist Fraktionsvorsitzender im Stadtrat Aschersleben und stellvertretender Fraktionsvorsitzender im Kreistag des Salzlandkreises. Zudem arbeitet er als Regionalgesch\u00e4ftsf\u00fchrer Nord bei der SPD Sachsen-Anhalt. Beide bringen sowohl Fachkenntnisse als auch eine tiefe kommunalpolitische Verwurzelung mit.<\/p>\t\t\t\t\t\t\t\t<\/div>\n\t\t\t\t<\/div>\n\t\t\t\t<\/div>\n\t\t<div class=\"elementor-element elementor-element-2847f6c e-con-full e-flex e-con e-child\" data-id=\"2847f6c\" data-element_type=\"container\" data-e-type=\"container\">\n\t\t\t\t<div class=\"elementor-element elementor-element-9cacdf0 elementor-widget elementor-widget-image\" data-id=\"9cacdf0\" data-element_type=\"widget\" data-e-type=\"widget\" data-widget_type=\"image.default\">\n\t\t\t\t<div class=\"elementor-widget-container\">\n\t\t\t\t\t\t\t\t\t\t\t\t<figure class=\"wp-caption\">\n\t\t\t\t\t\t\t\t\t\t<img fetchpriority=\"high\" decoding=\"async\" width=\"1024\" height=\"815\" src=\"https:\/\/sgk-lsa.net\/\/dateien\/2025\/05\/vorstandswahl-2-1024x815.jpg\" class=\"attachment-large size-large wp-image-43\" alt=\"\" srcset=\"https:\/\/sgk-lsa.net\/\/dateien\/2025\/05\/vorstandswahl-2-1024x815.jpg 1024w, https:\/\/sgk-lsa.net\/\/dateien\/2025\/05\/vorstandswahl-2-300x239.jpg 300w, https:\/\/sgk-lsa.net\/\/dateien\/2025\/05\/vorstandswahl-2-768x612.jpg 768w, https:\/\/sgk-lsa.net\/\/dateien\/2025\/05\/vorstandswahl-2-1536x1223.jpg 1536w, https:\/\/sgk-lsa.net\/\/dateien\/2025\/05\/vorstandswahl-2.jpg 1600w\" sizes=\"(max-width: 1024px) 100vw, 1024px\" \/>\t\t\t\t\t\t\t\t\t\t\t<figcaption class=\"widget-image-caption wp-caption-text\">V. l. n. r.: Ralf Riediger, Tobias B\u00f6ttcher, Silke Schindler, Norman Belas, Birgit Gerlach, Yves Metzing<\/figcaption>\n\t\t\t\t\t\t\t\t\t\t<\/figure>\n\t\t\t\t\t\t\t\t\t<\/div>\n\t\t\t\t<\/div>\n\t\t\t\t<\/div>\n\t\t\t\t\t<\/div>\n\t\t\t\t<\/div>\n\t\t<div class=\"elementor-element elementor-element-d6b3100 e-flex e-con-boxed e-con e-parent\" data-id=\"d6b3100\" data-element_type=\"container\" data-e-type=\"container\">\n\t\t\t\t\t<div class=\"e-con-inner\">\n\t\t\t\t<div class=\"elementor-element elementor-element-a0f00f2 elementor-widget elementor-widget-text-editor\" data-id=\"a0f00f2\" data-element_type=\"widget\" data-e-type=\"widget\" data-widget_type=\"text-editor.default\">\n\t\t\t\t<div class=\"elementor-widget-container\">\n\t\t\t\t\t\t\t\t\t<p>Als Beisitzer wurden Birgit Gerlach, Robert Drews und Tobias B\u00f6ttcher in den Vorstand gew\u00e4hlt. Birgit ist Mitglied im Gemeinderat der Gemeinde Biederitz sowie im Ortschaftsrat Gerwisch. Innerhalb der SPD ist sie Ortsvereinsvorsitzende, stellvertretende Kreisvorsitzende und Beisitzerin bei den SPD-Frauen Sachsen-Anhalt. Tobias ist Ortsb\u00fcrgermeister von Deetz, stellvertretender SPD-Kreisvorsitzender in Anhalt-Bitterfeld und Beisitzer im SPD-Landesvorstand. Beruflich arbeitet er als kaufm\u00e4nnischer Angestellter in einem Landmaschinenhandel mit angeschlossener Werkstatt. Seine Perspektive aus dem l\u00e4ndlichen Raum bereichert die Arbeit des Vorstands. Robert ist Ortsvereinsvorsitzender in Salzwedel, Fraktionsvorsitzender im Stadtrat und stellvertretender Fraktionsvorsitzender im Kreistag des Altmarkkreises Salzwedel. Seit 2019 engagiert er sich aktiv in der SPD und bringt seine kommunalpolitische Erfahrung mit viel Engagement in die Vorstandsarbeit der SGK ein. Der bisherige Schatzmeister Ralf Riediger wurde im Amt best\u00e4tigt und sorgt mit seiner Erfahrung f\u00fcr finanzielle Kontinuit\u00e4t im Team. Zudem wurde Bernhard Sterz, der ehemalige Oberb\u00fcrgermeister der Stadt Burg, durch den SPD-Landesvorstand erneut kooptiert und in den SGK-Vorstand entsandt. Er verst\u00e4rkt das Gremium mit seiner langj\u00e4hrigen politischen Erfahrung. Die SGK Sachsen-Anhalt versteht sich als Sprachrohr sozialdemokratischer Kommunalpolitikerinnen und -politiker im Land. Mit dem neu gew\u00e4hlten Vorstand m\u00f6chte sie sich weiterhin f\u00fcr starke Kommunen, mehr demokratische Teilhabe und verl\u00e4ssliche Daseinsvorsorge einsetzen.<\/p>\t\t\t\t\t\t\t\t<\/div>\n\t\t\t\t<\/div>\n\t\t\t\t\t<\/div>\n\t\t\t\t<\/div>\n\t\t\t\t<\/div>","protected":false},"excerpt":{"rendered":"<p>SGK Sachsen-Anhalt w\u00e4hlt neuen Vorstand \u2013 Silke Schindler \u00fcbernimmt Vorsitz Magdeburg \u2013 Die Sozialdemokratische Gemeinschaft f\u00fcr Kommunalpolitik (SGK) Sachsen-Anhalt hat bei ihrer Mitgliederversammlung am 28.03.2025 einen neuen Vorstand gew\u00e4hlt. An [&hellip;]<\/p>\n","protected":false},"author":1,"featured_media":0,"comment_status":"open","ping_status":"open","sticky":false,"template":"","format":"standard","meta":{"_EventAllDay":false,"_EventTimezone":"","_EventStartDate":"","_EventEndDate":"","_EventStartDateUTC":"","_EventEndDateUTC":"","_EventShowMap":false,"_EventShowMapLink":false,"_EventURL":"","_EventCost":"","_EventCostDescription":"","_EventCurrencySymbol":"","_EventCurrencyCode":"","_EventCurrencyPosition":"","_EventDateTimeSeparator":"","_EventTimeRangeSeparator":"","_EventOrganizerID":[],"_EventVenueID":[],"_OrganizerEmail":"","_OrganizerPhone":"","_OrganizerWebsite":"","_VenueAddress":"","_VenueCity":"","_VenueCountry":"","_VenueProvince":"","_VenueState":"","_VenueZip":"","_VenuePhone":"","_VenueURL":"","_VenueStateProvince":"","_VenueLat":"","_VenueLng":"","_VenueShowMap":false,"_VenueShowMapLink":false,"footnotes":""},"categories":[1],"tags":[],"class_list":["post-42","post","type-post","status-publish","format-standard","hentry","category-allgemein"],"_links":{"self":[{"href":"https:\/\/sgk-lsa.net\/index.php?rest_route=\/wp\/v2\/posts\/42","targetHints":{"allow":["GET"]}}],"collection":[{"href":"https:\/\/sgk-lsa.net\/index.php?rest_route=\/wp\/v2\/posts"}],"about":[{"href":"https:\/\/sgk-lsa.net\/index.php?rest_route=\/wp\/v2\/types\/post"}],"author":[{"embeddable":true,"href":"https:\/\/sgk-lsa.net\/index.php?rest_route=\/wp\/v2\/users\/1"}],"replies":[{"embeddable":true,"href":"https:\/\/sgk-lsa.net\/index.php?rest_route=%2Fwp%2Fv2%2Fcomments&post=42"}],"version-history":[{"count":0,"href":"https:\/\/sgk-lsa.net\/index.php?rest_route=\/wp\/v2\/posts\/42\/revisions"}],"wp:attachment":[{"href":"https:\/\/sgk-lsa.net\/index.php?rest_route=%2Fwp%2Fv2%2Fmedia&parent=42"}],"wp:term":[{"taxonomy":"category","embeddable":true,"href":"https:\/\/sgk-lsa.net\/index.php?rest_route=%2Fwp%2Fv2%2Fcategories&post=42"},{"taxonomy":"post_tag","embeddable":true,"href":"https:\/\/sgk-lsa.net\/index.php?rest_route=%2Fwp%2Fv2%2Ftags&post=42"}],"curies":[{"name":"wp","href":"https:\/\/api.w.org\/{rel}","templated":true}]}}